{"id":2650,"date":"2023-04-03T18:30:00","date_gmt":"2023-04-03T16:30:00","guid":{"rendered":"https:\/\/zs2kolobrzeg.pl\/?p=2650"},"modified":"2023-07-04T14:01:49","modified_gmt":"2023-07-04T12:01:49","slug":"terminy-rekrutacji-na-rok-szkolny-2023-2024","status":"publish","type":"post","link":"https:\/\/zs2kolobrzeg.pl\/index.php\/2023\/04\/03\/terminy-rekrutacji-na-rok-szkolny-2023-2024\/","title":{"rendered":"Terminy rekrutacji na rok szkolny 2023\/2024"},"content":{"rendered":"\n<h3 class=\"wp-block-heading\"><mark style=\"background-color:rgba(0, 0, 0, 0);color: #1e2769;\" class=\"has-inline-color\"> <strong> Terminy rekrutacji do Bran\u017cowej Szko\u0142y I stopnia<\/strong><\/mark><\/h3>\n\n\n\n<figure class=\"wp-block-table\"><table><thead><tr><th>Termin w post\u0119powaniu rekrutacyjnym<\/th><th>Rodzaj czynno\u015bci<\/th><\/tr><\/thead><tbody><tr><td><strong>od 9 maja 2023 r.<br>do 16 czerwca 2023 r. do godz. 15.00<\/strong><\/td><td><strong>Sk\u0142adanie wniosk\u00f3w <\/strong>o przyj\u0119cie do szko\u0142y ponadpodstawowej wraz z dokumentami potwierdzaj\u0105cymi spe\u0142nianie warunk\u00f3w lub kryteri\u00f3w branych pod uwag\u0119 w post\u0119powaniu rekrutacyjnym.<strong><br><\/strong><\/td><\/tr><tr><td>od 23 czerwca 2023r. do 10 lipca 2023r.<br>do godz. 15.00<\/td><td><strong>Uzupe\u0142nienie <\/strong>wniosku o przyj\u0119cie do szko\u0142y ponadpodstawowej o<strong> \u015bwiadectwo uko\u0144czenia szko\u0142y<\/strong> oraz <strong>o za\u015bwiadczenie o wynikach egzaminu \u00f3smoklasisty<\/strong> wraz<strong> z mo\u017cliwo\u015bci\u0105 przeniesienia wniosku o przyj\u0119cie do innej szko\u0142y ponadpodstawowej lub zmiana kolejno\u015bci wybranych szk\u00f3\u0142.<\/strong><\/td><\/tr><tr><td>do 10 lipca 2023r.<\/td><td><strong>Weryfikacja przez komisj\u0119 rekrutacyjn\u0105 wniosk\u00f3w o przyj\u0119cie do szko\u0142y ponadpodstawowej<\/strong> i dokument\u00f3w potwierdzaj\u0105cych spe\u0142nianie przez kandydata warunk\u00f3w po\u015bwiadczonych w o\u015bwiadczeniach, w tym dokonanie przez przewodnicz\u0105cego komisji rekrutacyjnej czynno\u015bci zwi\u0105zanych z ustaleniem tych okoliczno\u015bci.<\/td><\/tr><tr><td>do dnia 17 lipca 2023r. do godz. 12.00<\/td><td><strong>Weryfikacja przez komisj\u0119 rekrutacyjn\u0105 wniosk\u00f3w o przyj\u0119cie do szko\u0142y ponadpodstawowej <\/strong>i dokument\u00f3w potwierdzaj\u0105cych spe\u0142nianie przez kandydata warunk\u00f3w lub kryteri\u00f3w branych pod uwag\u0119 w post\u0119powaniu rekrutacyjnym, w tym okoliczno\u015bci zweryfikowanych przez w\u00f3jta (burmistrza lub prezydenta) wskazanych w o\u015bwiadczeniach.<\/td><\/tr><tr><td><strong>do dnia 17 lipca 2023r.<\/strong> godz. 15.00<\/td><td><strong>Podanie do publicznej wiadomo\u015bci przez komisj\u0119 rekrutacyjn\u0105 listy kandydat\u00f3w zakwalifikowanych i kandydat\u00f3w niezakwalifikowanych.<\/strong><\/td><\/tr><tr><td>od 09 maja 2023r.<br>do 19 lipca 2023r.<\/td><td>Wydanie przez szko\u0142\u0119 prowadz\u0105c\u0105 kszta\u0142cenie zawodowe skierowania na badania lekarskie.<\/td><\/tr><tr><td>od 17 lipca 2023r. do 21 lipca 2023r.<br>do godz. 10.00<\/td><td><strong>Potwierdzenie przez rodzica kandydata albo kandydata pe\u0142noletniego woli<\/strong> przyj\u0119cia w postaci przed\u0142o\u017cenia <strong>orygina\u0142u \u015bwiadectwa uko\u0144czenia szko\u0142y i orygina\u0142u za\u015bwiadczenia o wynikach egzaminu zewn\u0119trznego<\/strong>, o ile nie zosta\u0142y one z\u0142o\u017cone w uzupe\u0142nieniu wniosku o przyj\u0119cie do szko\u0142y, a w przypadku szko\u0142y prowadz\u0105cej kszta\u0142cenie zawodowe &#8211; tak\u017ce <strong>za\u015bwiadczenia lekarskiego zawieraj\u0105cego orzeczenie o braku przeciwwskaza\u0144 zdrowotnych do podj\u0119cia praktycznej nauki zawodu<\/strong> oraz do kierowania pojazdami lub o braku przeciwwskaza\u0144 psychologicznych do kierowania pojazdem w przypadku kandydat\u00f3w do szko\u0142y prowadz\u0105cej kszta\u0142cenie w zawodzie, dla kt\u00f3rego podstawa programowa kszta\u0142cenia w zawodzie szkolnictwa bran\u017cowego przewiduje przygotowanie do uzyskania umiej\u0119tno\u015bci kierowania pojazdem silnikowym w zakresie prawa jazdy danej kategorii.<\/td><\/tr><tr><td><strong>dnia 21 lipca 2023r.<br>godz. 15.00<\/strong><\/td><td><strong>Podanie do publicznej wiadomo\u015bci przez komisj\u0119 rekrutacyjn\u0105 listy kandydat\u00f3w przyj\u0119tych i kandydat\u00f3w nieprzyj\u0119tych.<\/strong><\/td><\/tr><tr><td>do dnia 24 lipca 2023r. <br>do godz. 15.00<\/td><td>Przekazanie przez komisj\u0119 rekrutacyjn\u0105 Zachodniopomorskiemu&nbsp; Kuratorowi O\u015bwiaty informacji o liczbie wolnych miejsc w szkole.<\/td><\/tr><tr><td>do dnia 24 lipca 2023r.<\/td><td>Wyst\u0105pienie do komisji rekrutacyjnej o sporz\u0105dzenie uzasadnienia odmowy przyj\u0119cia.<\/td><\/tr><tr><td>do 3 dni od wyst\u0105pienia o sporz\u0105dzenie uzasadnienia odmowy przyj\u0119cia<\/td><td>Sporz\u0105dzenie przez komisj\u0119 rekrutacyjn\u0105 uzasadnienia odmowy przyj\u0119cia.<\/td><\/tr><tr><td>do 3 dni od dnia otrzymania uzasadnienia odmowy przyj\u0119cia<\/td><td>Wniesienie do dyrektora szko\u0142y odwo\u0142ania od rozstrzygni\u0119cia komisji rekrutacyjnej.<\/td><\/tr><tr><td>do 3 dni od dnia z\u0142o\u017cenia odwo\u0142ania do dyrektora szko\u0142y<\/td><td>Dyrektor szko\u0142y rozpatruje odwo\u0142anie od rozstrzygni\u0119cia komisji rekrutacyjnej.<\/td><\/tr><\/tbody><\/table><figcaption class=\"wp-element-caption\">Tabela przedstawia terminy rekrutacji zasadniczej do Bran\u017cowej Szko\u0142y I stopnia<\/figcaption><\/figure>\n\n\n\n<p>&nbsp;<\/p>\n\n\n\n<figure class=\"wp-block-table\"><table><thead><tr><th>Termin w rekrutacji uzupe\u0142niaj\u0105cej<\/th><th>Rodzaj czynno\u015bci<\/th><\/tr><\/thead><tbody><tr><td><strong>od 24 lipca 2023r.<br>do 28 lipca 2023r.<br>do godz. 15.00<\/strong><\/td><td><strong>Sk\u0142adanie wniosk\u00f3w <\/strong>o przyj\u0119cie do szko\u0142y ponadpodstawowej wraz z dokumentami potwierdzaj\u0105cymi spe\u0142nianie warunk\u00f3w lub kryteri\u00f3w branych pod uwag\u0119 w post\u0119powaniu rekrutacyjnym.<\/td><\/tr><tr><td>28 lipca 2023r. do godz. 15.00 <\/td><td><strong>Weryfikacja przez komisj\u0119 rekrutacyjn\u0105 wniosk\u00f3w o przyj\u0119cie do szko\u0142y ponadpodstawowej<\/strong> i dokument\u00f3w potwierdzaj\u0105cych spe\u0142nianie przez kandydata warunk\u00f3w po\u015bwiadczonych w o\u015bwiadczeniach, w tym dokonanie przez przewodnicz\u0105cego komisji rekrutacyjnej czynno\u015bci zwi\u0105zanych z ustaleniem tych okoliczno\u015bci.<\/td><\/tr><tr><td>2 sierpnia 2023 r.<\/td><td><strong>Weryfikacja przez komisj\u0119 rekrutacyjn\u0105 wniosk\u00f3w o przyj\u0119cie do szko\u0142y ponadpodstawowej<\/strong> i dokument\u00f3w potwierdzaj\u0105cych spe\u0142nianie przez kandydata warunk\u00f3w lub kryteri\u00f3w branych pod uwag\u0119 w post\u0119powaniu rekrutacyjnym, w tym okoliczno\u015bci zweryfikowanych przez w\u00f3jta (burmistrza lub prezydenta) wskazanych w o\u015bwiadczeniach.<\/td><\/tr><tr><td><strong>3 sierpnia 2022r.<\/strong><\/td><td><strong>Podanie do publicznej wiadomo\u015bci przez komisj\u0119 rekrutacyjn\u0105 listy kandydat\u00f3w zakwalifikowanych i kandydat\u00f3w niezakwalifikowanych.<\/strong><\/td><\/tr><tr><td>od 24 lipca 2023r. do 4 sierpnia 2023r.<\/td><td>Wydanie przez szko\u0142\u0119 prowadz\u0105c\u0105 kszta\u0142cenie zawodowe skierowania na badania lekarskie.<\/td><\/tr><tr><td>od 3 sierpnia 2023r.<br>do 9 sierpnia 2023r.<br>do godz. 10.00<\/td><td><strong>Potwierdzenie przez rodzica kandydata albo kandydata pe\u0142noletniego <\/strong>woli przyj\u0119cia w postaci przed\u0142o\u017cenia<strong> orygina\u0142u \u015bwiadectwa uko\u0144czenia szko\u0142y i orygina\u0142u za\u015bwiadczenia o wynikach egzaminu zewn\u0119trznego<\/strong>, o ile nie zosta\u0142y one z\u0142o\u017cone w uzupe\u0142nieniu wniosku o przyj\u0119cie do szko\u0142y, a w przypadku szko\u0142y prowadz\u0105cej kszta\u0142cenie zawodowe &#8211; t<strong>ak\u017ce za\u015bwiadczenia lekarskiego zawieraj\u0105cego orzeczenie o braku przeciwwskaza\u0144 zdrowotnych do podj\u0119cia praktycznej nauki zawodu<\/strong> oraz do kierowania pojazdami lub o braku przeciwwskaza\u0144 psychologicznych do kierowania pojazdem w przypadku kandydat\u00f3w do szko\u0142y prowadz\u0105cej kszta\u0142cenie w zawodzie, dla kt\u00f3rego podstawa programowa kszta\u0142cenia w zawodzie szkolnictwa bran\u017cowego przewiduje przygotowanie do uzyskania umiej\u0119tno\u015bci kierowania pojazdem silnikowym w zakresie prawa jazdy danej kategorii.<\/td><\/tr><tr><td><strong>dnia 9 sierpnia 2023r. godz. 15.00<\/strong><\/td><td><strong>Podanie do publicznej wiadomo\u015bci przez komisj\u0119 rekrutacyjn\u0105 listy kandydat\u00f3w przyj\u0119tych i kandydat\u00f3w nieprzyj\u0119tych.<\/strong><\/td><\/tr><tr><td>do dnia 10 sierpnia 2023r. <br>do godz.15.00<\/td><td>Przekazanie przez komisj\u0119 rekrutacyjn\u0105 Zachodniopomorskiemu&nbsp; Kuratorowi O\u015bwiaty informacji o liczbie wolnych miejsc w szkole.<\/td><\/tr><tr><td>do 12sierpnia 2023r.<\/td><td>Wyst\u0105pienie do komisji rekrutacyjnej o sporz\u0105dzenie uzasadnienia odmowy przyj\u0119cia.<\/td><\/tr><tr><td>do 3 dni od wyst\u0105pienia o sporz\u0105dzenie uzasadnienia odmowy przyj\u0119cia<\/td><td>Sporz\u0105dzenie przez komisj\u0119 rekrutacyjn\u0105 uzasadnienia odmowy przyj\u0119cia.<\/td><\/tr><tr><td>do 3 dni od dnia otrzymania uzasadnienia odmowy przyj\u0119cia<\/td><td>Wniesienie do dyrektora szko\u0142y odwo\u0142ania od rozstrzygni\u0119cia komisji rekrutacyjnej.<\/td><\/tr><tr><td>do 3 dni od dnia z\u0142o\u017cenia odwo\u0142ania do dyrektora szko\u0142y<\/td><td>Dyrektor szko\u0142y rozpatruje odwo\u0142anie od rozstrzygni\u0119cia komisji rekrutacyjnej.<\/td><\/tr><\/tbody><\/table><figcaption class=\"wp-element-caption\">Tabela przedstawia terminy rekrutacji uzupe\u0142niaj\u0105cej do Bran\u017cowej Szko\u0142y I stopnia.<\/figcaption><\/figure>\n\n\n\n<p>W przypadku braku mo\u017cliwo\u015bci przed\u0142o\u017cenia odpowiednio za\u015bwiadczenia lub orzeczenia lekarskiego, rodzic kandydata lub kandydat pe\u0142noletni informuje o tym dyrektora szko\u0142y w terminie <strong>do 22 lipca 2022 r. do&nbsp;godz. 15.00<\/strong> <strong>w post\u0119powaniu rekrutacyjnym<\/strong> albo <strong>do 9 sierpnia 2022 r. do godz. 15.00 w&nbsp;post\u0119powaniu uzupe\u0142niaj\u0105cym<\/strong>, wskazuj\u0105c na przyczyn\u0119 niedotrzymania terminu. Informacj\u0119 sk\u0142ada si\u0119 w postaci papierowej lub elektronicznej. <strong>Za\u015bwiadczenie lub orzeczenie sk\u0142ada si\u0119 dyrektorowi szko\u0142y, do kt\u00f3rej ucze\u0144 zosta\u0142 przyj\u0119ty, nie p\u00f3\u017aniej ni\u017c do dnia 23 wrze\u015bnia 2022 r.<\/strong> Niez\u0142o\u017cenie w ww. terminie, za\u015bwiadczenia lub orzeczenia jest r\u00f3wnoznaczne z rezygnacj\u0105 z kontynuowania nauki w szkole w oddziale realizuj\u0105cym kszta\u0142cenie w zawodzie, do kt\u00f3rego ucze\u0144 zosta\u0142 przyj\u0119ty.<\/p>\n\n\n\n<hr class=\"wp-block-separator has-css-opacity\"\/>\n\n\n\n<h3 class=\"has-text-color wp-block-heading\" style=\"color:#201b4b\"><mark style=\"background-color:rgba(0, 0, 0, 0);color: #1e2769;\" class=\"has-inline-color\">Terminy rekrutacji do Bran\u017cowej Szko\u0142y Specjalnej I stopnia<\/mark><\/h3>\n\n\n\n<p>Od 9 maja 2023 r. sk\u0142adanie poda\u0144 o przyj\u0119cie do szko\u0142y wraz z dokumentami.<\/p>\n\n\n\n<p>O utworzeniu oddzia\u0142u Bran\u017cowej Szko\u0142y Specjalnej I stopnia decyduje organ prowadz\u0105cy w oparciu o dane dotycz\u0105ce liczby kandydat\u00f3w.<\/p>\n\n\n\n<hr class=\"wp-block-separator has-css-opacity\"\/>\n\n\n\n<p>Podstawa prawna:<\/p>\n\n\n\n<ul class=\"wp-block-list\">\n<li>ustawa z dnia 14 grudnia 2016 r. Prawo o\u015bwiatowe (Dz. U. z 2021 r. poz. 1082 ze zm.), art.&nbsp;154 ust. 1 pkt 2<\/li>\n\n\n\n<li>zarz\u0105dzenia Nr 3 \/2023 Zachodniopomorskiego Kuratora O\u015bwiaty z dnia&nbsp;30 stycznia 2023r. w sprawie okre\u015blenia termin\u00f3w przeprowadzania post\u0119powania rekrutacyjnego i post\u0119powania uzupe\u0142niaj\u0105cego, w tym termin\u00f3w sk\u0142adania dokument\u00f3w, do publicznych szk\u00f3\u0142 podstawowych dla doros\u0142ych, klas I publicznych szk\u00f3\u0142 ponadpodstawowych, klas wst\u0119pnych, o kt\u00f3rych mowa w art. 25 ust. 3 ustawy Prawo o\u015bwiatowe, i na semestr pierwszy klas I publicznych bran\u017cowych szk\u00f3\u0142 II stopnia i publicznych szk\u00f3\u0142 policealnych na rok szkolny 2023\/2024 w wojew\u00f3dztwie zachodniopomorskim (\u017ar\u00f3d\u0142o BIP <a href=\"https:\/\/bip.kuratorium.szczecin.pl\/artykul\/95\/626\/3-2023\" data-type=\"URL\" data-id=\"https:\/\/bip.kuratorium.szczecin.pl\/artykul\/95\/626\/3-2023\">Zachodniopomorskiego Kuratorium O\u015bwiaty w Szczecinie<\/a>)<\/li>\n<\/ul>\n\n\n\n<p><\/p>\n","protected":false},"excerpt":{"rendered":"<p>Terminy rekrutacji do Bran\u017cowej Szko\u0142y I stopnia Termin w post\u0119powaniu rekrutacyjnym Rodzaj czynno\u015bci od 9 maja 2023 r.do 16 czerwca 2023 r. do godz. 15.00<\/p>\n","protected":false},"author":1,"featured_media":2652,"comment_status":"closed","ping_status":"closed","sticky":false,"template":"","format":"standard","meta":{"footnotes":""},"categories":[5,12,21],"tags":[],"class_list":["post-2650","post","type-post","status-publish","format-standard","has-post-thumbnail","hentry","category-aktualnosci","category-oferta","category-rekrutacja","two-columns"],"_links":{"self":[{"href":"https:\/\/zs2kolobrzeg.pl\/index.php\/wp-json\/wp\/v2\/posts\/2650","targetHints":{"allow":["GET"]}}],"collection":[{"href":"https:\/\/zs2kolobrzeg.pl\/index.php\/wp-json\/wp\/v2\/posts"}],"about":[{"href":"https:\/\/zs2kolobrzeg.pl\/index.php\/wp-json\/wp\/v2\/types\/post"}],"author":[{"embeddable":true,"href":"https:\/\/zs2kolobrzeg.pl\/index.php\/wp-json\/wp\/v2\/users\/1"}],"replies":[{"embeddable":true,"href":"https:\/\/zs2kolobrzeg.pl\/index.php\/wp-json\/wp\/v2\/comments?post=2650"}],"version-history":[{"count":5,"href":"https:\/\/zs2kolobrzeg.pl\/index.php\/wp-json\/wp\/v2\/posts\/2650\/revisions"}],"predecessor-version":[{"id":2861,"href":"https:\/\/zs2kolobrzeg.pl\/index.php\/wp-json\/wp\/v2\/posts\/2650\/revisions\/2861"}],"wp:featuredmedia":[{"embeddable":true,"href":"https:\/\/zs2kolobrzeg.pl\/index.php\/wp-json\/wp\/v2\/media\/2652"}],"wp:attachment":[{"href":"https:\/\/zs2kolobrzeg.pl\/index.php\/wp-json\/wp\/v2\/media?parent=2650"}],"wp:term":[{"taxonomy":"category","embeddable":true,"href":"https:\/\/zs2kolobrzeg.pl\/index.php\/wp-json\/wp\/v2\/categories?post=2650"},{"taxonomy":"post_tag","embeddable":true,"href":"https:\/\/zs2kolobrzeg.pl\/index.php\/wp-json\/wp\/v2\/tags?post=2650"}],"curies":[{"name":"wp","href":"https:\/\/api.w.org\/{rel}","templated":true}]}}