{"id":3608,"date":"2024-12-19T17:20:00","date_gmt":"2024-12-19T16:20:00","guid":{"rendered":"https:\/\/zs2kolobrzeg.pl\/?p=3608"},"modified":"2024-12-23T14:12:22","modified_gmt":"2024-12-23T13:12:22","slug":"potrawa-wigilijna-w-nowoczesnej-aranzacji-konkurs","status":"publish","type":"post","link":"https:\/\/zs2kolobrzeg.pl\/index.php\/2024\/12\/19\/potrawa-wigilijna-w-nowoczesnej-aranzacji-konkurs\/","title":{"rendered":"&#8222;Potrawa wigilijna w nowoczesnej aran\u017cacji&#8221;-konkurs"},"content":{"rendered":"\n<p>Konkurs na &#8222;Potraw\u0119 wigilijn\u0105 w nowoczesnej aran\u017cacji&#8221; ju\u017c za nami.<\/p>\n\n\n\n<p>Aromat \u015awi\u0105t unosi\u0142 si\u0119 od rana w naszej pracowni gastronomicznej. Uczniowie z wielk\u0105 pasj\u0105 szykowali dania na konkurs, a naprawd\u0119 by\u0142o co podziwia\u0107 i smakowa\u0107. <\/p>\n\n\n\n<p>Jury w sk\u0142adzie: Przemys\u0142aw Staniek, Julita Pyszka i Agnieszka Przyby\u015b mieli nie\u0142atwe zadanie nagrodzi\u0107 i wyr\u00f3\u017cni\u0107 najlepszych. Ola Sudyk &#8211; i jej barszcz na zakwasie z pasztecikami &#8211; I miejsce, Milana Denysenko i rolada z malinami &#8211; II miejsce, Kacper Baran &#8211; III miejsce &#8211; roladka ze szpinakiem i marynowan\u0105 papryk\u0105. Wyr\u00f3\u017cnienie otrzyma\u0142o rodze\u0144stwo &#8211; Eleonora i Denys Dobrianscy. Ela za wega\u0144skie udko, Denys z a chips ziemniaczany z dorszem.<\/p>\n\n\n\n<p> Nagrod\u0119 specjaln\u0105 szefa kuchni hotelu Diune otrzyma\u0142 Robert Wojtaszek i jego karp w galarecie.<br>Dzi\u0119kujemy za pomoc w organizacji konkursu, za wspania\u0142e nagrody i wsparcie m\u0142odzie\u017cy w rozwijaniu ich pasji.<br>Pasta E Pesto<br>Mikado Promenada Ko\u0142obrzeg<br>W Fili\u017cance Cafe Ko\u0142obrzeg<br>Diune Hotel &amp; Resort<\/p>\n\n\n\n<figure class=\"wp-block-gallery has-nested-images columns-default is-cropped wp-block-gallery-1 is-layout-flex wp-block-gallery-is-layout-flex\">\n<figure class=\"wp-block-image size-large\"><img loading=\"lazy\" decoding=\"async\" width=\"1024\" height=\"773\" data-id=\"3611\" src=\"https:\/\/zs2kolobrzeg.pl\/wp-content\/uploads\/2024\/12\/2net-1024x773.jpg\" alt=\"\" class=\"wp-image-3611\" srcset=\"https:\/\/zs2kolobrzeg.pl\/wp-content\/uploads\/2024\/12\/2net-1024x773.jpg 1024w, https:\/\/zs2kolobrzeg.pl\/wp-content\/uploads\/2024\/12\/2net-300x226.jpg 300w, https:\/\/zs2kolobrzeg.pl\/wp-content\/uploads\/2024\/12\/2net-768x579.jpg 768w, https:\/\/zs2kolobrzeg.pl\/wp-content\/uploads\/2024\/12\/2net-1536x1159.jpg 1536w, https:\/\/zs2kolobrzeg.pl\/wp-content\/uploads\/2024\/12\/2net-1170x883.jpg 1170w, https:\/\/zs2kolobrzeg.pl\/wp-content\/uploads\/2024\/12\/2net.jpg 1800w\" sizes=\"auto, (max-width: 1024px) 100vw, 1024px\" \/><figcaption class=\"wp-element-caption\">Rolada z malinami<\/figcaption><\/figure>\n\n\n\n<figure class=\"wp-block-image size-large\"><img loading=\"lazy\" decoding=\"async\" width=\"1024\" height=\"727\" data-id=\"3610\" src=\"https:\/\/zs2kolobrzeg.pl\/wp-content\/uploads\/2024\/12\/3net-1024x727.jpg\" alt=\"\" class=\"wp-image-3610\" srcset=\"https:\/\/zs2kolobrzeg.pl\/wp-content\/uploads\/2024\/12\/3net-1024x727.jpg 1024w, https:\/\/zs2kolobrzeg.pl\/wp-content\/uploads\/2024\/12\/3net-300x213.jpg 300w, https:\/\/zs2kolobrzeg.pl\/wp-content\/uploads\/2024\/12\/3net-768x545.jpg 768w, https:\/\/zs2kolobrzeg.pl\/wp-content\/uploads\/2024\/12\/3net-1536x1091.jpg 1536w, https:\/\/zs2kolobrzeg.pl\/wp-content\/uploads\/2024\/12\/3net-1170x831.jpg 1170w, https:\/\/zs2kolobrzeg.pl\/wp-content\/uploads\/2024\/12\/3net.jpg 1800w\" sizes=\"auto, (max-width: 1024px) 100vw, 1024px\" \/><figcaption class=\"wp-element-caption\">Roladka ze szpinakiem i marynowan\u0105 papryk\u0105<\/figcaption><\/figure>\n\n\n\n<figure class=\"wp-block-image size-large\"><img loading=\"lazy\" decoding=\"async\" width=\"1024\" height=\"683\" data-id=\"3609\" src=\"https:\/\/zs2kolobrzeg.pl\/wp-content\/uploads\/2024\/12\/dsc01430anet-1024x683.jpg\" alt=\"\" class=\"wp-image-3609\" srcset=\"https:\/\/zs2kolobrzeg.pl\/wp-content\/uploads\/2024\/12\/dsc01430anet-1024x683.jpg 1024w, https:\/\/zs2kolobrzeg.pl\/wp-content\/uploads\/2024\/12\/dsc01430anet-300x200.jpg 300w, https:\/\/zs2kolobrzeg.pl\/wp-content\/uploads\/2024\/12\/dsc01430anet-768x512.jpg 768w, https:\/\/zs2kolobrzeg.pl\/wp-content\/uploads\/2024\/12\/dsc01430anet-1536x1024.jpg 1536w, https:\/\/zs2kolobrzeg.pl\/wp-content\/uploads\/2024\/12\/dsc01430anet-1170x780.jpg 1170w, https:\/\/zs2kolobrzeg.pl\/wp-content\/uploads\/2024\/12\/dsc01430anet.jpg 1800w\" sizes=\"auto, (max-width: 1024px) 100vw, 1024px\" \/><figcaption class=\"wp-element-caption\">Potrawa konkursowa-\u0142oso\u015b<\/figcaption><\/figure>\n\n\n\n<figure class=\"wp-block-image size-large\"><img loading=\"lazy\" decoding=\"async\" width=\"1024\" height=\"681\" data-id=\"3613\" src=\"https:\/\/zs2kolobrzeg.pl\/wp-content\/uploads\/2024\/12\/DSC01487-1024x681.jpg\" alt=\"\" class=\"wp-image-3613\" srcset=\"https:\/\/zs2kolobrzeg.pl\/wp-content\/uploads\/2024\/12\/DSC01487-1024x681.jpg 1024w, https:\/\/zs2kolobrzeg.pl\/wp-content\/uploads\/2024\/12\/DSC01487-300x199.jpg 300w, https:\/\/zs2kolobrzeg.pl\/wp-content\/uploads\/2024\/12\/DSC01487-768x511.jpg 768w, https:\/\/zs2kolobrzeg.pl\/wp-content\/uploads\/2024\/12\/DSC01487-1536x1021.jpg 1536w, https:\/\/zs2kolobrzeg.pl\/wp-content\/uploads\/2024\/12\/DSC01487-2048x1362.jpg 2048w, https:\/\/zs2kolobrzeg.pl\/wp-content\/uploads\/2024\/12\/DSC01487-1170x778.jpg 1170w\" sizes=\"auto, (max-width: 1024px) 100vw, 1024px\" \/><figcaption class=\"wp-element-caption\">Jury<\/figcaption><\/figure>\n\n\n\n<figure class=\"wp-block-image size-large\"><img loading=\"lazy\" decoding=\"async\" width=\"1024\" height=\"681\" data-id=\"3612\" src=\"https:\/\/zs2kolobrzeg.pl\/wp-content\/uploads\/2024\/12\/DSC01572-1024x681.jpg\" alt=\"\" class=\"wp-image-3612\" srcset=\"https:\/\/zs2kolobrzeg.pl\/wp-content\/uploads\/2024\/12\/DSC01572-1024x681.jpg 1024w, https:\/\/zs2kolobrzeg.pl\/wp-content\/uploads\/2024\/12\/DSC01572-300x199.jpg 300w, https:\/\/zs2kolobrzeg.pl\/wp-content\/uploads\/2024\/12\/DSC01572-768x511.jpg 768w, https:\/\/zs2kolobrzeg.pl\/wp-content\/uploads\/2024\/12\/DSC01572-1536x1021.jpg 1536w, https:\/\/zs2kolobrzeg.pl\/wp-content\/uploads\/2024\/12\/DSC01572-2048x1362.jpg 2048w, https:\/\/zs2kolobrzeg.pl\/wp-content\/uploads\/2024\/12\/DSC01572-1170x778.jpg 1170w\" sizes=\"auto, (max-width: 1024px) 100vw, 1024px\" \/><figcaption class=\"wp-element-caption\">Wr\u0119czenie nagr\u00f3d<\/figcaption><\/figure>\n\n\n\n<figure class=\"wp-block-image size-large\"><img loading=\"lazy\" decoding=\"async\" width=\"1024\" height=\"681\" data-id=\"3614\" src=\"https:\/\/zs2kolobrzeg.pl\/wp-content\/uploads\/2024\/12\/DSC01594-1024x681.jpg\" alt=\"\" class=\"wp-image-3614\" srcset=\"https:\/\/zs2kolobrzeg.pl\/wp-content\/uploads\/2024\/12\/DSC01594-1024x681.jpg 1024w, https:\/\/zs2kolobrzeg.pl\/wp-content\/uploads\/2024\/12\/DSC01594-300x199.jpg 300w, https:\/\/zs2kolobrzeg.pl\/wp-content\/uploads\/2024\/12\/DSC01594-768x511.jpg 768w, https:\/\/zs2kolobrzeg.pl\/wp-content\/uploads\/2024\/12\/DSC01594-1536x1021.jpg 1536w, https:\/\/zs2kolobrzeg.pl\/wp-content\/uploads\/2024\/12\/DSC01594-2048x1362.jpg 2048w, https:\/\/zs2kolobrzeg.pl\/wp-content\/uploads\/2024\/12\/DSC01594-1170x778.jpg 1170w\" sizes=\"auto, (max-width: 1024px) 100vw, 1024px\" \/><figcaption class=\"wp-element-caption\">Zdj\u0119cie grupowe uczestnik\u00f3w konkursu z Jurorami oraz Wicedyrektorami szko\u0142y<\/figcaption><\/figure>\n<\/figure>\n","protected":false},"excerpt":{"rendered":"<p>Konkurs na &#8222;Potraw\u0119 wigilijn\u0105 w nowoczesnej aran\u017cacji&#8221; ju\u017c za nami. Aromat \u015awi\u0105t unosi\u0142 si\u0119 od rana w naszej pracowni gastronomicznej. Uczniowie z wielk\u0105 pasj\u0105 szykowali<\/p>\n","protected":false},"author":1,"featured_media":3611,"comment_status":"closed","ping_status":"closed","sticky":false,"template":"","format":"standard","meta":{"footnotes":""},"categories":[5,20],"tags":[],"class_list":["post-3608","post","type-post","status-publish","format-standard","has-post-thumbnail","hentry","category-aktualnosci","category-konkursy-2","two-columns"],"_links":{"self":[{"href":"https:\/\/zs2kolobrzeg.pl\/index.php\/wp-json\/wp\/v2\/posts\/3608","targetHints":{"allow":["GET"]}}],"collection":[{"href":"https:\/\/zs2kolobrzeg.pl\/index.php\/wp-json\/wp\/v2\/posts"}],"about":[{"href":"https:\/\/zs2kolobrzeg.pl\/index.php\/wp-json\/wp\/v2\/types\/post"}],"author":[{"embeddable":true,"href":"https:\/\/zs2kolobrzeg.pl\/index.php\/wp-json\/wp\/v2\/users\/1"}],"replies":[{"embeddable":true,"href":"https:\/\/zs2kolobrzeg.pl\/index.php\/wp-json\/wp\/v2\/comments?post=3608"}],"version-history":[{"count":1,"href":"https:\/\/zs2kolobrzeg.pl\/index.php\/wp-json\/wp\/v2\/posts\/3608\/revisions"}],"predecessor-version":[{"id":3615,"href":"https:\/\/zs2kolobrzeg.pl\/index.php\/wp-json\/wp\/v2\/posts\/3608\/revisions\/3615"}],"wp:featuredmedia":[{"embeddable":true,"href":"https:\/\/zs2kolobrzeg.pl\/index.php\/wp-json\/wp\/v2\/media\/3611"}],"wp:attachment":[{"href":"https:\/\/zs2kolobrzeg.pl\/index.php\/wp-json\/wp\/v2\/media?parent=3608"}],"wp:term":[{"taxonomy":"category","embeddable":true,"href":"https:\/\/zs2kolobrzeg.pl\/index.php\/wp-json\/wp\/v2\/categories?post=3608"},{"taxonomy":"post_tag","embeddable":true,"href":"https:\/\/zs2kolobrzeg.pl\/index.php\/wp-json\/wp\/v2\/tags?post=3608"}],"curies":[{"name":"wp","href":"https:\/\/api.w.org\/{rel}","templated":true}]}}